{"data":"<li>\n    <!-- Post Item Start -->\n    <div class=\"post--item post--layout-3\">\n        <div class=\"post--img\">\n            <a href=\"\/post\/ha-mais-de-um-mes-sem-chuva-inmet-alerta-para-tempo-seco-e-baixa-umidade-do-ar-no-ms\" class=\"thumb\">\n                <img class=\"lazy\" data-src=\"\/cache\/img\/noticias\/2019\/08\/Tomando-agua-100x70.jpg\" alt=\"\" src=\"data:image\/gif;base64,R0lGODlhAQABAAAAACH5BAEKAAEALAAAAAABAAEAAAICTAEAOw==\"><\/a>\n\n            <div class=\"post--info\">\n                <ul class=\"nav meta\">\n                   <!-- <li><a href=\"#\"><\/a><\/li> -->\n                    <li><a href=\"#\">22\/08\/2019<\/a><\/li>\n                <\/ul>\n\n                <div class=\"title\">\n                    <h3 class=\"h4\"><a href=\"\/post\/ha-mais-de-um-mes-sem-chuva-inmet-alerta-para-tempo-seco-e-baixa-umidade-do-ar-no-ms\" class=\"btn-link title_box_2_lines\">H\u00e1 mais de um m\u00eas sem chuva, Inmet alerta para tempo seco, e baixa umidade do ar no MS<\/a><\/h3>\n                <\/div>\n            <\/div>\n        <\/div>\n    <\/div>\n    <!-- Post Item End -->\n<\/li>\n<li>\n    <!-- Post Item Start -->\n    <div class=\"post--item post--layout-3\">\n        <div class=\"post--img\">\n            <a href=\"\/post\/lingua-preta-frigorifico-de-aquidauana-recebeu-visita-da-pf-em-desdobramento-de-operacao-que-corre-no-stj\" class=\"thumb\">\n                <img class=\"lazy\" data-src=\"\/cache\/img\/noticias\/2019\/04\/PF-100x70.jpg\" alt=\"\" src=\"data:image\/gif;base64,R0lGODlhAQABAAAAACH5BAEKAAEALAAAAAABAAEAAAICTAEAOw==\"><\/a>\n\n            <div class=\"post--info\">\n                <ul class=\"nav meta\">\n                   <!-- <li><a href=\"#\"><\/a><\/li> -->\n                    <li><a href=\"#\">09\/04\/2019<\/a><\/li>\n                <\/ul>\n\n                <div class=\"title\">\n                    <h3 class=\"h4\"><a href=\"\/post\/lingua-preta-frigorifico-de-aquidauana-recebeu-visita-da-pf-em-desdobramento-de-operacao-que-corre-no-stj\" class=\"btn-link title_box_2_lines\">L\u00edngua Preta: Frigor\u00edfico de Aquidauana recebeu visita da PF em desdobramento de opera\u00e7\u00e3o que corre no STJ<\/a><\/h3>\n                <\/div>\n            <\/div>\n        <\/div>\n    <\/div>\n    <!-- Post Item End -->\n<\/li>\n<li>\n    <!-- Post Item Start -->\n    <div class=\"post--item post--layout-3\">\n        <div class=\"post--img\">\n            <a href=\"\/post\/prefeita-de-navirai-anula-contrato-do-lixo-e-evita-prejuizo-milionario-aos-cofres-do-municipio\" class=\"thumb\">\n                <img class=\"lazy\" data-src=\"\/cache\/img\/noticias\/WhatsApp Image 2022-03-14 at 17.38.40-100x70.jpeg\" alt=\"\" src=\"data:image\/gif;base64,R0lGODlhAQABAAAAACH5BAEKAAEALAAAAAABAAEAAAICTAEAOw==\"><\/a>\n\n            <div class=\"post--info\">\n                <ul class=\"nav meta\">\n                   <!-- <li><a href=\"#\"><\/a><\/li> -->\n                    <li><a href=\"#\">14\/03\/2022<\/a><\/li>\n                <\/ul>\n\n                <div class=\"title\">\n                    <h3 class=\"h4\"><a href=\"\/post\/prefeita-de-navirai-anula-contrato-do-lixo-e-evita-prejuizo-milionario-aos-cofres-do-municipio\" class=\"btn-link title_box_2_lines\">Prefeita de Navira\u00ed anula contrato do lixo e evita preju\u00edzo milion\u00e1rio aos cofres do munic\u00edpio<\/a><\/h3>\n                <\/div>\n            <\/div>\n        <\/div>\n    <\/div>\n    <!-- Post Item End -->\n<\/li>\n<li>\n    <!-- Post Item Start -->\n    <div class=\"post--item post--layout-3\">\n        <div class=\"post--img\">\n            <a href=\"\/post\/hstore-beckhauser-promove-evento-mulheres-no-agronegocio-na-capital\" class=\"thumb\">\n                <img class=\"lazy\" data-src=\"\" alt=\"\" src=\"data:image\/gif;base64,R0lGODlhAQABAAAAACH5BAEKAAEALAAAAAABAAEAAAICTAEAOw==\"><\/a>\n\n            <div class=\"post--info\">\n                <ul class=\"nav meta\">\n                   <!-- <li><a href=\"#\"><\/a><\/li> -->\n                    <li><a href=\"#\">27\/08\/2014<\/a><\/li>\n                <\/ul>\n\n                <div class=\"title\">\n                    <h3 class=\"h4\"><a href=\"\/post\/hstore-beckhauser-promove-evento-mulheres-no-agronegocio-na-capital\" class=\"btn-link title_box_2_lines\">HStore Beckhauser promove evento Mulheres no Agroneg\u00f3cio na capital<\/a><\/h3>\n                <\/div>\n            <\/div>\n        <\/div>\n    <\/div>\n    <!-- Post Item End -->\n<\/li>\n","prev_page_url":"\/authors_posts?page=70","next_page_url":"\/authors_posts?page=72"}