{"data":"<li>\n    <!-- Post Item Start -->\n    <div class=\"post--item post--layout-3\">\n        <div class=\"post--img\">\n            <a href=\"\/post\/com-acesso-limitado-a-saude-moradores-do-pantanal-recebem-atendimento-do-senar-ms-na-regiao-da-nhecolandia\" class=\"thumb\">\n                <img class=\"lazy\" data-src=\"\/cache\/img\/noticias\/Sa\u00fade.Corumb\u00e1.senar.ms-100x70.jpg\" alt=\"\" src=\"data:image\/gif;base64,R0lGODlhAQABAAAAACH5BAEKAAEALAAAAAABAAEAAAICTAEAOw==\"><\/a>\n\n            <div class=\"post--info\">\n                <ul class=\"nav meta\">\n                   <!-- <li><a href=\"#\"><\/a><\/li> -->\n                    <li><a href=\"#\">08\/07\/2025<\/a><\/li>\n                <\/ul>\n\n                <div class=\"title\">\n                    <h3 class=\"h4\"><a href=\"\/post\/com-acesso-limitado-a-saude-moradores-do-pantanal-recebem-atendimento-do-senar-ms-na-regiao-da-nhecolandia\" class=\"btn-link title_box_2_lines\">Com acesso limitado \u00e0 sa\u00fade, moradores do Pantanal recebem atendimento do Senar\/MS na regi\u00e3o da Nhecol\u00e2ndia<\/a><\/h3>\n                <\/div>\n            <\/div>\n        <\/div>\n    <\/div>\n    <!-- Post Item End -->\n<\/li>\n<li>\n    <!-- Post Item Start -->\n    <div class=\"post--item post--layout-3\">\n        <div class=\"post--img\">\n            <a href=\"\/post\/policia-da-bolivia-prende-3-acusados-de-roubos-de-aeronaves-e-entrega-para-o-dracco\" class=\"thumb\">\n                <img class=\"lazy\" data-src=\"\/cache\/img\/noticias\/preso avioes 1-100x70.jpg\" alt=\"\" src=\"data:image\/gif;base64,R0lGODlhAQABAAAAACH5BAEKAAEALAAAAAABAAEAAAICTAEAOw==\"><\/a>\n\n            <div class=\"post--info\">\n                <ul class=\"nav meta\">\n                   <!-- <li><a href=\"#\"><\/a><\/li> -->\n                    <li><a href=\"#\">21\/10\/2021<\/a><\/li>\n                <\/ul>\n\n                <div class=\"title\">\n                    <h3 class=\"h4\"><a href=\"\/post\/policia-da-bolivia-prende-3-acusados-de-roubos-de-aeronaves-e-entrega-para-o-dracco\" class=\"btn-link title_box_2_lines\">Policia da Bol\u00edvia prende 3 acusados de roubos de aeronaves e entrega para o Dracco <\/a><\/h3>\n                <\/div>\n            <\/div>\n        <\/div>\n    <\/div>\n    <!-- Post Item End -->\n<\/li>\n<li>\n    <!-- Post Item Start -->\n    <div class=\"post--item post--layout-3\">\n        <div class=\"post--img\">\n            <a href=\"\/post\/reinado-azambuja-pede-a-ministro-beneficios-fiscais-para-cidades-da-fronteira\" class=\"thumb\">\n                <img class=\"lazy\" data-src=\"\" alt=\"\" src=\"data:image\/gif;base64,R0lGODlhAQABAAAAACH5BAEKAAEALAAAAAABAAEAAAICTAEAOw==\"><\/a>\n\n            <div class=\"post--info\">\n                <ul class=\"nav meta\">\n                   <!-- <li><a href=\"#\"><\/a><\/li> -->\n                    <li><a href=\"#\">12\/06\/2014<\/a><\/li>\n                <\/ul>\n\n                <div class=\"title\">\n                    <h3 class=\"h4\"><a href=\"\/post\/reinado-azambuja-pede-a-ministro-beneficios-fiscais-para-cidades-da-fronteira\" class=\"btn-link title_box_2_lines\">Reinado Azambuja pede a ministro benef\u00edcios fiscais para cidades da fronteira<\/a><\/h3>\n                <\/div>\n            <\/div>\n        <\/div>\n    <\/div>\n    <!-- Post Item End -->\n<\/li>\n<li>\n    <!-- Post Item Start -->\n    <div class=\"post--item post--layout-3\">\n        <div class=\"post--img\">\n            <a href=\"\/post\/pma-de-campo-grande-autua-arrendatario-em-r-486-mil-por-incendio-em-leiras-atingindo-84-5-hectares-de-vegetacao\" class=\"thumb\">\n                <img class=\"lazy\" data-src=\"\/cache\/img\/noticias\/1663242090360-100x70.jpg\" alt=\"\" src=\"data:image\/gif;base64,R0lGODlhAQABAAAAACH5BAEKAAEALAAAAAABAAEAAAICTAEAOw==\"><\/a>\n\n            <div class=\"post--info\">\n                <ul class=\"nav meta\">\n                   <!-- <li><a href=\"#\"><\/a><\/li> -->\n                    <li><a href=\"#\">16\/09\/2022<\/a><\/li>\n                <\/ul>\n\n                <div class=\"title\">\n                    <h3 class=\"h4\"><a href=\"\/post\/pma-de-campo-grande-autua-arrendatario-em-r-486-mil-por-incendio-em-leiras-atingindo-84-5-hectares-de-vegetacao\" class=\"btn-link title_box_2_lines\">PMA de Campo Grande autua arrendat\u00e1rio em R$ 486 mil por inc\u00eandio em leiras, atingindo 84,5 hectares de vegeta\u00e7\u00e3o<\/a><\/h3>\n                <\/div>\n            <\/div>\n        <\/div>\n    <\/div>\n    <!-- Post Item End -->\n<\/li>\n","prev_page_url":"\/authors_posts?page=312","next_page_url":"\/authors_posts?page=314"}