{"data":"<li>\n    <!-- Post Item Start -->\n    <div class=\"post--item post--layout-3\">\n        <div class=\"post--img\">\n            <a href=\"\/post\/turismo-em-mato-grosso-do-sul-ganha-forca-e-visibilidade-com-campanhas-e-participacoes-em-feiras-nacionais-e-internacionais\" class=\"thumb\">\n                <img class=\"lazy\" data-src=\"\/cache\/img\/noticias\/2019\/01\/2808-turismo-em-mato-grosso-do-sul-ganha-forca-e-visibilidade-com-campanhas-e-participacoes-em-feiras-nacionais-e-internacionais-ft-alexis-prappas-100x70.jpg\" alt=\"\" src=\"data:image\/gif;base64,R0lGODlhAQABAAAAACH5BAEKAAEALAAAAAABAAEAAAICTAEAOw==\"><\/a>\n\n            <div class=\"post--info\">\n                <ul class=\"nav meta\">\n                   <!-- <li><a href=\"#\"><\/a><\/li> -->\n                    <li><a href=\"#\">26\/12\/2017<\/a><\/li>\n                <\/ul>\n\n                <div class=\"title\">\n                    <h3 class=\"h4\"><a href=\"\/post\/turismo-em-mato-grosso-do-sul-ganha-forca-e-visibilidade-com-campanhas-e-participacoes-em-feiras-nacionais-e-internacionais\" class=\"btn-link title_box_2_lines\">Turismo em Mato Grosso do Sul ganha for\u00e7a e visibilidade com campanhas e participa\u00e7\u00f5es em feiras nacionais e internacionais<\/a><\/h3>\n                <\/div>\n            <\/div>\n        <\/div>\n    <\/div>\n    <!-- Post Item End -->\n<\/li>\n<li>\n    <!-- Post Item Start -->\n    <div class=\"post--item post--layout-3\">\n        <div class=\"post--img\">\n            <a href=\"\/post\/ha-mais-de-um-mes-sem-chuva-inmet-alerta-para-tempo-seco-e-baixa-umidade-do-ar-no-ms\" class=\"thumb\">\n                <img class=\"lazy\" data-src=\"\/cache\/img\/noticias\/2019\/08\/Tomando-agua-100x70.jpg\" alt=\"\" src=\"data:image\/gif;base64,R0lGODlhAQABAAAAACH5BAEKAAEALAAAAAABAAEAAAICTAEAOw==\"><\/a>\n\n            <div class=\"post--info\">\n                <ul class=\"nav meta\">\n                   <!-- <li><a href=\"#\"><\/a><\/li> -->\n                    <li><a href=\"#\">22\/08\/2019<\/a><\/li>\n                <\/ul>\n\n                <div class=\"title\">\n                    <h3 class=\"h4\"><a href=\"\/post\/ha-mais-de-um-mes-sem-chuva-inmet-alerta-para-tempo-seco-e-baixa-umidade-do-ar-no-ms\" class=\"btn-link title_box_2_lines\">H\u00e1 mais de um m\u00eas sem chuva, Inmet alerta para tempo seco, e baixa umidade do ar no MS<\/a><\/h3>\n                <\/div>\n            <\/div>\n        <\/div>\n    <\/div>\n    <!-- Post Item End -->\n<\/li>\n<li>\n    <!-- Post Item Start -->\n    <div class=\"post--item post--layout-3\">\n        <div class=\"post--img\">\n            <a href=\"\/post\/com-baixas-temperaturas-registradas-em-ms-areas-de-producao-de-cana-de-acucar-foram-atingidas\" class=\"thumb\">\n                <img class=\"lazy\" data-src=\"\/cache\/img\/noticias\/2019\/07\/geada-100x70.jpg\" alt=\"\" src=\"data:image\/gif;base64,R0lGODlhAQABAAAAACH5BAEKAAEALAAAAAABAAEAAAICTAEAOw==\"><\/a>\n\n            <div class=\"post--info\">\n                <ul class=\"nav meta\">\n                   <!-- <li><a href=\"#\"><\/a><\/li> -->\n                    <li><a href=\"#\">09\/07\/2019<\/a><\/li>\n                <\/ul>\n\n                <div class=\"title\">\n                    <h3 class=\"h4\"><a href=\"\/post\/com-baixas-temperaturas-registradas-em-ms-areas-de-producao-de-cana-de-acucar-foram-atingidas\" class=\"btn-link title_box_2_lines\">Com baixas temperaturas registradas em MS,  \u00e1reas de produ\u00e7\u00e3o de cana-de-a\u00e7\u00facar foram atingidas<\/a><\/h3>\n                <\/div>\n            <\/div>\n        <\/div>\n    <\/div>\n    <!-- Post Item End -->\n<\/li>\n<li>\n    <!-- Post Item Start -->\n    <div class=\"post--item post--layout-3\">\n        <div class=\"post--img\">\n            <a href=\"\/post\/boi-arroba-segue-firme-e-cenario-de-oferta-restrita-permanece\" class=\"thumb\">\n                <img class=\"lazy\" data-src=\"\/cache\/img\/noticias\/bois frig-100x70.jpg\" alt=\"\" src=\"data:image\/gif;base64,R0lGODlhAQABAAAAACH5BAEKAAEALAAAAAABAAEAAAICTAEAOw==\"><\/a>\n\n            <div class=\"post--info\">\n                <ul class=\"nav meta\">\n                   <!-- <li><a href=\"#\"><\/a><\/li> -->\n                    <li><a href=\"#\">16\/03\/2021<\/a><\/li>\n                <\/ul>\n\n                <div class=\"title\">\n                    <h3 class=\"h4\"><a href=\"\/post\/boi-arroba-segue-firme-e-cenario-de-oferta-restrita-permanece\" class=\"btn-link title_box_2_lines\">Boi: arroba segue firme e cen\u00e1rio de oferta restrita permanece<\/a><\/h3>\n                <\/div>\n            <\/div>\n        <\/div>\n    <\/div>\n    <!-- Post Item End -->\n<\/li>\n","prev_page_url":"\/authors_posts?page=306","next_page_url":"\/authors_posts?page=308"}