{"data":"<li>\n    <!-- Post Item Start -->\n    <div class=\"post--item post--layout-3\">\n        <div class=\"post--img\">\n            <a href=\"\/post\/ms-governo-do-estado-alinha-projetos-de-concessao-e-financiamento-no-bndes\" class=\"thumb\">\n                <img class=\"lazy\" data-src=\"\/cache\/img\/noticias\/Videoconferencia-BNDS-Fto-Chico-Ribeiro-7-730x425-100x70.jpg\" alt=\"\" src=\"data:image\/gif;base64,R0lGODlhAQABAAAAACH5BAEKAAEALAAAAAABAAEAAAICTAEAOw==\"><\/a>\n\n            <div class=\"post--info\">\n                <ul class=\"nav meta\">\n                   <!-- <li><a href=\"#\"><\/a><\/li> -->\n                    <li><a href=\"#\">12\/05\/2021<\/a><\/li>\n                <\/ul>\n\n                <div class=\"title\">\n                    <h3 class=\"h4\"><a href=\"\/post\/ms-governo-do-estado-alinha-projetos-de-concessao-e-financiamento-no-bndes\" class=\"btn-link title_box_2_lines\">MS: Governo do Estado alinha projetos de concess\u00e3o e financiamento no BNDES<\/a><\/h3>\n                <\/div>\n            <\/div>\n        <\/div>\n    <\/div>\n    <!-- Post Item End -->\n<\/li>\n<li>\n    <!-- Post Item Start -->\n    <div class=\"post--item post--layout-3\">\n        <div class=\"post--img\">\n            <a href=\"\/post\/apesar-de-entraves-internacionais-e-poucas-opcoes-de-financiamento-vendas-de-maquinas-agricolas-crescem-40\" class=\"thumb\">\n                <img class=\"lazy\" data-src=\"\/cache\/img\/noticias\/99A13A9B-5F4F-483B-92E5-9E522476FED6-100x70.jpeg\" alt=\"\" src=\"data:image\/gif;base64,R0lGODlhAQABAAAAACH5BAEKAAEALAAAAAABAAEAAAICTAEAOw==\"><\/a>\n\n            <div class=\"post--info\">\n                <ul class=\"nav meta\">\n                   <!-- <li><a href=\"#\"><\/a><\/li> -->\n                    <li><a href=\"#\">24\/12\/2021<\/a><\/li>\n                <\/ul>\n\n                <div class=\"title\">\n                    <h3 class=\"h4\"><a href=\"\/post\/apesar-de-entraves-internacionais-e-poucas-opcoes-de-financiamento-vendas-de-maquinas-agricolas-crescem-40\" class=\"btn-link title_box_2_lines\">Apesar de entraves internacionais e poucas op\u00e7\u00f5es de financiamento, vendas de m\u00e1quinas agr\u00edcolas crescem 40%<\/a><\/h3>\n                <\/div>\n            <\/div>\n        <\/div>\n    <\/div>\n    <!-- Post Item End -->\n<\/li>\n<li>\n    <!-- Post Item Start -->\n    <div class=\"post--item post--layout-3\">\n        <div class=\"post--img\">\n            <a href=\"\/post\/desenvolve-dourados-prefeito-alan-guedes-e-senadora-tereza-cristina-assinam-investimentos-de-r-200-milhoes\" class=\"thumb\">\n                <img class=\"lazy\" data-src=\"\/cache\/img\/noticias\/dds.tereza.alan-100x70.jpg\" alt=\"\" src=\"data:image\/gif;base64,R0lGODlhAQABAAAAACH5BAEKAAEALAAAAAABAAEAAAICTAEAOw==\"><\/a>\n\n            <div class=\"post--info\">\n                <ul class=\"nav meta\">\n                   <!-- <li><a href=\"#\"><\/a><\/li> -->\n                    <li><a href=\"#\">05\/04\/2024<\/a><\/li>\n                <\/ul>\n\n                <div class=\"title\">\n                    <h3 class=\"h4\"><a href=\"\/post\/desenvolve-dourados-prefeito-alan-guedes-e-senadora-tereza-cristina-assinam-investimentos-de-r-200-milhoes\" class=\"btn-link title_box_2_lines\">Desenvolve Dourados: Prefeito Alan Guedes e senadora Tereza Cristina assinam investimentos de R$ 200 milh\u00f5es <\/a><\/h3>\n                <\/div>\n            <\/div>\n        <\/div>\n    <\/div>\n    <!-- Post Item End -->\n<\/li>\n<li>\n    <!-- Post Item Start -->\n    <div class=\"post--item post--layout-3\">\n        <div class=\"post--img\">\n            <a href=\"\/post\/camara-dos-deputados-aprovam-fim-do-ipva-para-veiculos-com-20-anos-de-fabricacao\" class=\"thumb\">\n                <img class=\"lazy\" data-src=\"\/cache\/img\/noticias\/carros.rua-100x70.jpeg\" alt=\"\" src=\"data:image\/gif;base64,R0lGODlhAQABAAAAACH5BAEKAAEALAAAAAABAAEAAAICTAEAOw==\"><\/a>\n\n            <div class=\"post--info\">\n                <ul class=\"nav meta\">\n                   <!-- <li><a href=\"#\"><\/a><\/li> -->\n                    <li><a href=\"#\">04\/12\/2025<\/a><\/li>\n                <\/ul>\n\n                <div class=\"title\">\n                    <h3 class=\"h4\"><a href=\"\/post\/camara-dos-deputados-aprovam-fim-do-ipva-para-veiculos-com-20-anos-de-fabricacao\" class=\"btn-link title_box_2_lines\">C\u00e2mara dos Deputados aprovam fim do IPVA para ve\u00edculos com 20 anos de fabrica\u00e7\u00e3o <\/a><\/h3>\n                <\/div>\n            <\/div>\n        <\/div>\n    <\/div>\n    <!-- Post Item End -->\n<\/li>\n","prev_page_url":"\/authors_posts?page=222","next_page_url":"\/authors_posts?page=224"}