{"data":"<li>\n    <!-- Post Item Start -->\n    <div class=\"post--item post--layout-3\">\n        <div class=\"post--img\">\n            <a href=\"\/post\/governo-investiu-mais-de-r-1-bilhao-em-infraestrutura-no-mato-grosso-do-sul\" class=\"thumb\">\n                <img class=\"lazy\" data-src=\"\/cache\/img\/noticias\/2019\/01\/2800-governo-investiu-mais-de-r-1-bilhao-em-infraestrutura-em-ms-100x70.jpg\" alt=\"\" src=\"data:image\/gif;base64,R0lGODlhAQABAAAAACH5BAEKAAEALAAAAAABAAEAAAICTAEAOw==\"><\/a>\n\n            <div class=\"post--info\">\n                <ul class=\"nav meta\">\n                   <!-- <li><a href=\"#\"><\/a><\/li> -->\n                    <li><a href=\"#\">20\/12\/2017<\/a><\/li>\n                <\/ul>\n\n                <div class=\"title\">\n                    <h3 class=\"h4\"><a href=\"\/post\/governo-investiu-mais-de-r-1-bilhao-em-infraestrutura-no-mato-grosso-do-sul\" class=\"btn-link title_box_2_lines\">Governo investiu mais de R$ 1 bilh\u00e3o em infraestrutura no Mato Grosso do Sul<\/a><\/h3>\n                <\/div>\n            <\/div>\n        <\/div>\n    <\/div>\n    <!-- Post Item End -->\n<\/li>\n<li>\n    <!-- Post Item Start -->\n    <div class=\"post--item post--layout-3\">\n        <div class=\"post--img\">\n            <a href=\"\/post\/lingua-preta-acordo-de-delacao-leva-gaeco-a-2a-fase-da-ormeta-foco-em-agentes-publicos\" class=\"thumb\">\n                <img class=\"lazy\" data-src=\"\/cache\/img\/noticias\/2019\/10\/913FAF2E-B349-4B9F-936F-D1FCE336F467-100x70.jpeg\" alt=\"\" src=\"data:image\/gif;base64,R0lGODlhAQABAAAAACH5BAEKAAEALAAAAAABAAEAAAICTAEAOw==\"><\/a>\n\n            <div class=\"post--info\">\n                <ul class=\"nav meta\">\n                   <!-- <li><a href=\"#\"><\/a><\/li> -->\n                    <li><a href=\"#\">12\/10\/2019<\/a><\/li>\n                <\/ul>\n\n                <div class=\"title\">\n                    <h3 class=\"h4\"><a href=\"\/post\/lingua-preta-acordo-de-delacao-leva-gaeco-a-2a-fase-da-ormeta-foco-em-agentes-publicos\" class=\"btn-link title_box_2_lines\">L\u00edngua Preta: Acordo de dela\u00e7\u00e3o leva Gaeco a 2\u00aa fase da Ormeta, foco em agentes \u201cp\u00fablicos\u201d<\/a><\/h3>\n                <\/div>\n            <\/div>\n        <\/div>\n    <\/div>\n    <!-- Post Item End -->\n<\/li>\n<li>\n    <!-- Post Item Start -->\n    <div class=\"post--item post--layout-3\">\n        <div class=\"post--img\">\n            <a href=\"\/post\/aprovado-ato-onde-assembleia-deve-reembolsar-gastos-com-saude-de-deputados-e-seus-dependentes\" class=\"thumb\">\n                <img class=\"lazy\" data-src=\"\/cache\/img\/noticias\/2019\/01\/1142-ato-110-2015-vergonha-100x70.jpg\" alt=\"\" src=\"data:image\/gif;base64,R0lGODlhAQABAAAAACH5BAEKAAEALAAAAAABAAEAAAICTAEAOw==\"><\/a>\n\n            <div class=\"post--info\">\n                <ul class=\"nav meta\">\n                   <!-- <li><a href=\"#\"><\/a><\/li> -->\n                    <li><a href=\"#\">11\/08\/2015<\/a><\/li>\n                <\/ul>\n\n                <div class=\"title\">\n                    <h3 class=\"h4\"><a href=\"\/post\/aprovado-ato-onde-assembleia-deve-reembolsar-gastos-com-saude-de-deputados-e-seus-dependentes\" class=\"btn-link title_box_2_lines\">Aprovado Ato onde Assembleia deve reembolsar gastos com sa\u00fade de deputados e seus dependentes<\/a><\/h3>\n                <\/div>\n            <\/div>\n        <\/div>\n    <\/div>\n    <!-- Post Item End -->\n<\/li>\n<li>\n    <!-- Post Item Start -->\n    <div class=\"post--item post--layout-3\">\n        <div class=\"post--img\">\n            <a href=\"\/post\/segue-para-sancao-do-governador-pl-do-deputado-joao-henrique-que-dispoe-sobre-a-producao-de-queijo-fake\" class=\"thumb\">\n                <img class=\"lazy\" data-src=\"\/cache\/img\/noticias\/joao henrique-100x70.jpg\" alt=\"\" src=\"data:image\/gif;base64,R0lGODlhAQABAAAAACH5BAEKAAEALAAAAAABAAEAAAICTAEAOw==\"><\/a>\n\n            <div class=\"post--info\">\n                <ul class=\"nav meta\">\n                   <!-- <li><a href=\"#\"><\/a><\/li> -->\n                    <li><a href=\"#\">14\/10\/2021<\/a><\/li>\n                <\/ul>\n\n                <div class=\"title\">\n                    <h3 class=\"h4\"><a href=\"\/post\/segue-para-sancao-do-governador-pl-do-deputado-joao-henrique-que-dispoe-sobre-a-producao-de-queijo-fake\" class=\"btn-link title_box_2_lines\">Segue para san\u00e7\u00e3o do governador PL do Deputado Jo\u00e3o Henrique que disp\u00f5e sobre a produ\u00e7\u00e3o de queijo fake <\/a><\/h3>\n                <\/div>\n            <\/div>\n        <\/div>\n    <\/div>\n    <!-- Post Item End -->\n<\/li>\n","prev_page_url":"\/authors_posts?page=211","next_page_url":"\/authors_posts?page=213"}