{"data":"<li>\n    <!-- Post Item Start -->\n    <div class=\"post--item post--layout-3\">\n        <div class=\"post--img\">\n            <a href=\"\/post\/femeas-superaram-50-do-abate-nos-frigorificos-cenario-que-deve-reduzir-a-oferta-e-contribuir-para-a-valorizacao-da-arroba-em-2026\" class=\"thumb\">\n                <img class=\"lazy\" data-src=\"\/cache\/img\/noticias\/vaca.abates-100x70.jpg\" alt=\"\" src=\"data:image\/gif;base64,R0lGODlhAQABAAAAACH5BAEKAAEALAAAAAABAAEAAAICTAEAOw==\"><\/a>\n\n            <div class=\"post--info\">\n                <ul class=\"nav meta\">\n                   <!-- <li><a href=\"#\"><\/a><\/li> -->\n                    <li><a href=\"#\">04\/10\/2025<\/a><\/li>\n                <\/ul>\n\n                <div class=\"title\">\n                    <h3 class=\"h4\"><a href=\"\/post\/femeas-superaram-50-do-abate-nos-frigorificos-cenario-que-deve-reduzir-a-oferta-e-contribuir-para-a-valorizacao-da-arroba-em-2026\" class=\"btn-link title_box_2_lines\">F\u00eameas superaram 50% do abate nos frigor\u00edficos, cen\u00e1rio que deve reduzir a oferta e contribuir para a valoriza\u00e7\u00e3o da arroba em 2026<\/a><\/h3>\n                <\/div>\n            <\/div>\n        <\/div>\n    <\/div>\n    <!-- Post Item End -->\n<\/li>\n<li>\n    <!-- Post Item Start -->\n    <div class=\"post--item post--layout-3\">\n        <div class=\"post--img\">\n            <a href=\"\/post\/ao-lado-do-pt-governador-eduardo-riedel-ignora-azambuja-e-suspende-desmatamento-no-pantanal\" class=\"thumb\">\n                <img class=\"lazy\" data-src=\"\/cache\/img\/noticias\/riedel.PT-100x70.jpg\" alt=\"\" src=\"data:image\/gif;base64,R0lGODlhAQABAAAAACH5BAEKAAEALAAAAAABAAEAAAICTAEAOw==\"><\/a>\n\n            <div class=\"post--info\">\n                <ul class=\"nav meta\">\n                   <!-- <li><a href=\"#\"><\/a><\/li> -->\n                    <li><a href=\"#\">14\/08\/2023<\/a><\/li>\n                <\/ul>\n\n                <div class=\"title\">\n                    <h3 class=\"h4\"><a href=\"\/post\/ao-lado-do-pt-governador-eduardo-riedel-ignora-azambuja-e-suspende-desmatamento-no-pantanal\" class=\"btn-link title_box_2_lines\">Ao lado do PT governador Eduardo Riedel ignora Azambuja e suspende desmatamento no Pantanal <\/a><\/h3>\n                <\/div>\n            <\/div>\n        <\/div>\n    <\/div>\n    <!-- Post Item End -->\n<\/li>\n<li>\n    <!-- Post Item Start -->\n    <div class=\"post--item post--layout-3\">\n        <div class=\"post--img\">\n            <a href=\"\/post\/governadores-de-ms-e-pr-assinam-convenio-para-estudo-sobre-nova-ponte-na-regiao-sudeste-do-estado\" class=\"thumb\">\n                <img class=\"lazy\" data-src=\"\/cache\/img\/noticias\/ponte-capa--730x425-100x70.jpg\" alt=\"\" src=\"data:image\/gif;base64,R0lGODlhAQABAAAAACH5BAEKAAEALAAAAAABAAEAAAICTAEAOw==\"><\/a>\n\n            <div class=\"post--info\">\n                <ul class=\"nav meta\">\n                   <!-- <li><a href=\"#\"><\/a><\/li> -->\n                    <li><a href=\"#\">30\/05\/2022<\/a><\/li>\n                <\/ul>\n\n                <div class=\"title\">\n                    <h3 class=\"h4\"><a href=\"\/post\/governadores-de-ms-e-pr-assinam-convenio-para-estudo-sobre-nova-ponte-na-regiao-sudeste-do-estado\" class=\"btn-link title_box_2_lines\">Governadores de MS e PR assinam conv\u00eanio para estudo sobre nova ponte na regi\u00e3o sudeste do Estado<\/a><\/h3>\n                <\/div>\n            <\/div>\n        <\/div>\n    <\/div>\n    <!-- Post Item End -->\n<\/li>\n<li>\n    <!-- Post Item Start -->\n    <div class=\"post--item post--layout-3\">\n        <div class=\"post--img\">\n            <a href=\"\/post\/com-o-obra-inacabada-zero-governo-do-ms-ja-investiu-mais-de-r-750-milhoes\" class=\"thumb\">\n                <img class=\"lazy\" data-src=\"\/cache\/img\/noticias\/2019\/01\/2943-com-o-obra-inacabada-zero-governo-do-ms-ja-investiu-mais-de-r-750-milhoes2-100x70.jpg\" alt=\"\" src=\"data:image\/gif;base64,R0lGODlhAQABAAAAACH5BAEKAAEALAAAAAABAAEAAAICTAEAOw==\"><\/a>\n\n            <div class=\"post--info\">\n                <ul class=\"nav meta\">\n                   <!-- <li><a href=\"#\"><\/a><\/li> -->\n                    <li><a href=\"#\">06\/02\/2018<\/a><\/li>\n                <\/ul>\n\n                <div class=\"title\">\n                    <h3 class=\"h4\"><a href=\"\/post\/com-o-obra-inacabada-zero-governo-do-ms-ja-investiu-mais-de-r-750-milhoes\" class=\"btn-link title_box_2_lines\">Com o Obra Inacabada Zero, Governo do MS j\u00e1 investiu mais de R$ 750 milh\u00f5es<\/a><\/h3>\n                <\/div>\n            <\/div>\n        <\/div>\n    <\/div>\n    <!-- Post Item End -->\n<\/li>\n","prev_page_url":"\/authors_posts?page=207","next_page_url":"\/authors_posts?page=209"}