{"data":"<li>\n    <!-- Post Item Start -->\n    <div class=\"post--item post--layout-3\">\n        <div class=\"post--img\">\n            <a href=\"\/post\/ms-nao-vai-aceitar-qualquer-modelo-de-concessao-reforca-pedrossian-neto-na-1-audiencia-da-malha-oeste\" class=\"thumb\">\n                <img class=\"lazy\" data-src=\"\/cache\/img\/noticias\/pp.neto (2)-100x70.jpeg\" alt=\"\" src=\"data:image\/gif;base64,R0lGODlhAQABAAAAACH5BAEKAAEALAAAAAABAAEAAAICTAEAOw==\"><\/a>\n\n            <div class=\"post--info\">\n                <ul class=\"nav meta\">\n                   <!-- <li><a href=\"#\"><\/a><\/li> -->\n                    <li><a href=\"#\">01\/06\/2023<\/a><\/li>\n                <\/ul>\n\n                <div class=\"title\">\n                    <h3 class=\"h4\"><a href=\"\/post\/ms-nao-vai-aceitar-qualquer-modelo-de-concessao-reforca-pedrossian-neto-na-1-audiencia-da-malha-oeste\" class=\"btn-link title_box_2_lines\">MS n\u00e3o vai aceitar qualquer modelo de concess\u00e3o, refor\u00e7a Pedrossian Neto na 1\u00aa audi\u00eancia da Malha Oeste<\/a><\/h3>\n                <\/div>\n            <\/div>\n        <\/div>\n    <\/div>\n    <!-- Post Item End -->\n<\/li>\n<li>\n    <!-- Post Item Start -->\n    <div class=\"post--item post--layout-3\">\n        <div class=\"post--img\">\n            <a href=\"\/post\/de-olho-na-presidencia-da-al-eduardo-rocha-faz-reuniao-com-5-prefeitos-do-interior-para-reinaldo\" class=\"thumb\">\n                <img class=\"lazy\" data-src=\"\" alt=\"\" src=\"data:image\/gif;base64,R0lGODlhAQABAAAAACH5BAEKAAEALAAAAAABAAEAAAICTAEAOw==\"><\/a>\n\n            <div class=\"post--info\">\n                <ul class=\"nav meta\">\n                   <!-- <li><a href=\"#\"><\/a><\/li> -->\n                    <li><a href=\"#\">16\/10\/2018<\/a><\/li>\n                <\/ul>\n\n                <div class=\"title\">\n                    <h3 class=\"h4\"><a href=\"\/post\/de-olho-na-presidencia-da-al-eduardo-rocha-faz-reuniao-com-5-prefeitos-do-interior-para-reinaldo\" class=\"btn-link title_box_2_lines\">De olho na presid\u00eancia da AL Eduardo Rocha faz reuni\u00e3o com  5 prefeitos do interior, para Reinaldo<\/a><\/h3>\n                <\/div>\n            <\/div>\n        <\/div>\n    <\/div>\n    <!-- Post Item End -->\n<\/li>\n<li>\n    <!-- Post Item Start -->\n    <div class=\"post--item post--layout-3\">\n        <div class=\"post--img\">\n            <a href=\"\/post\/agricultura-demarcacoes-de-terras-indigenas-e-questoes-florestais-ficarao-na-pasta-de-tereza-cristina\" class=\"thumb\">\n                <img class=\"lazy\" data-src=\"\" alt=\"\" src=\"data:image\/gif;base64,R0lGODlhAQABAAAAACH5BAEKAAEALAAAAAABAAEAAAICTAEAOw==\"><\/a>\n\n            <div class=\"post--info\">\n                <ul class=\"nav meta\">\n                   <!-- <li><a href=\"#\"><\/a><\/li> -->\n                    <li><a href=\"#\">02\/01\/2019<\/a><\/li>\n                <\/ul>\n\n                <div class=\"title\">\n                    <h3 class=\"h4\"><a href=\"\/post\/agricultura-demarcacoes-de-terras-indigenas-e-questoes-florestais-ficarao-na-pasta-de-tereza-cristina\" class=\"btn-link title_box_2_lines\">Agricultura: Demarca\u00e7\u00f5es de terras ind\u00edgenas e quest\u00f5es florestais ficar\u00e3o na pasta de Tereza Cristina<\/a><\/h3>\n                <\/div>\n            <\/div>\n        <\/div>\n    <\/div>\n    <!-- Post Item End -->\n<\/li>\n<li>\n    <!-- Post Item Start -->\n    <div class=\"post--item post--layout-3\">\n        <div class=\"post--img\">\n            <a href=\"\/post\/quem-sera-o-proximo-ocupante-do-mapa\" class=\"thumb\">\n                <img class=\"lazy\" data-src=\"\/cache\/img\/noticias\/mapa-1-100x70.jpg\" alt=\"\" src=\"data:image\/gif;base64,R0lGODlhAQABAAAAACH5BAEKAAEALAAAAAABAAEAAAICTAEAOw==\"><\/a>\n\n            <div class=\"post--info\">\n                <ul class=\"nav meta\">\n                   <!-- <li><a href=\"#\"><\/a><\/li> -->\n                    <li><a href=\"#\">25\/10\/2022<\/a><\/li>\n                <\/ul>\n\n                <div class=\"title\">\n                    <h3 class=\"h4\"><a href=\"\/post\/quem-sera-o-proximo-ocupante-do-mapa\" class=\"btn-link title_box_2_lines\">Quem ser\u00e1 o pr\u00f3ximo ocupante do MAPA?<\/a><\/h3>\n                <\/div>\n            <\/div>\n        <\/div>\n    <\/div>\n    <!-- Post Item End -->\n<\/li>\n","prev_page_url":"\/authors_posts?page=189","next_page_url":"\/authors_posts?page=191"}