{"data":"<li>\n    <!-- Post Item Start -->\n    <div class=\"post--item post--layout-3\">\n        <div class=\"post--img\">\n            <a href=\"\/post\/com-estiagem-sisep-acelera-ritmo-em-obras-limpeza-e-manutencao-de-vias-na-capital\" class=\"thumb\">\n                <img class=\"lazy\" data-src=\"\/cache\/img\/noticias\/Obra-na-Avenida-Ernesto-Geisel-em-frente-ao-Centro-de-Belas-Artes-maio-2025-100x70.jpg\" alt=\"\" src=\"data:image\/gif;base64,R0lGODlhAQABAAAAACH5BAEKAAEALAAAAAABAAEAAAICTAEAOw==\"><\/a>\n\n            <div class=\"post--info\">\n                <ul class=\"nav meta\">\n                   <!-- <li><a href=\"#\"><\/a><\/li> -->\n                    <li><a href=\"#\">14\/05\/2025<\/a><\/li>\n                <\/ul>\n\n                <div class=\"title\">\n                    <h3 class=\"h4\"><a href=\"\/post\/com-estiagem-sisep-acelera-ritmo-em-obras-limpeza-e-manutencao-de-vias-na-capital\" class=\"btn-link title_box_2_lines\">Com estiagem Sisep acelera ritmo em obras, limpeza e manuten\u00e7\u00e3o de vias na Capital <\/a><\/h3>\n                <\/div>\n            <\/div>\n        <\/div>\n    <\/div>\n    <!-- Post Item End -->\n<\/li>\n<li>\n    <!-- Post Item Start -->\n    <div class=\"post--item post--layout-3\">\n        <div class=\"post--img\">\n            <a href=\"\/post\/obra-de-r-40-milhoes-no-aeroporto-de-dourados-sera-incluido-no-pac-a-pedido-de-geraldo-resende\" class=\"thumb\">\n                <img class=\"lazy\" data-src=\"\/cache\/img\/noticias\/aeroporto.dds-100x70.jpeg\" alt=\"\" src=\"data:image\/gif;base64,R0lGODlhAQABAAAAACH5BAEKAAEALAAAAAABAAEAAAICTAEAOw==\"><\/a>\n\n            <div class=\"post--info\">\n                <ul class=\"nav meta\">\n                   <!-- <li><a href=\"#\"><\/a><\/li> -->\n                    <li><a href=\"#\">02\/10\/2023<\/a><\/li>\n                <\/ul>\n\n                <div class=\"title\">\n                    <h3 class=\"h4\"><a href=\"\/post\/obra-de-r-40-milhoes-no-aeroporto-de-dourados-sera-incluido-no-pac-a-pedido-de-geraldo-resende\" class=\"btn-link title_box_2_lines\">Obra de R$ 40 milh\u00f5es no Aeroporto de Dourados ser\u00e1 inclu\u00eddo no PAC a pedido de Geraldo Resende<\/a><\/h3>\n                <\/div>\n            <\/div>\n        <\/div>\n    <\/div>\n    <!-- Post Item End -->\n<\/li>\n<li>\n    <!-- Post Item Start -->\n    <div class=\"post--item post--layout-3\">\n        <div class=\"post--img\">\n            <a href=\"\/post\/as-mulheres-que-quebraram-o-tabu-e-se-destacam-no-cenario-do-agronegocio-em-ms\" class=\"thumb\">\n                <img class=\"lazy\" data-src=\"\/cache\/img\/noticias\/2019\/03\/Alessandra.campo-grande-expo-100x70.jpg\" alt=\"\" src=\"data:image\/gif;base64,R0lGODlhAQABAAAAACH5BAEKAAEALAAAAAABAAEAAAICTAEAOw==\"><\/a>\n\n            <div class=\"post--info\">\n                <ul class=\"nav meta\">\n                   <!-- <li><a href=\"#\"><\/a><\/li> -->\n                    <li><a href=\"#\">08\/03\/2019<\/a><\/li>\n                <\/ul>\n\n                <div class=\"title\">\n                    <h3 class=\"h4\"><a href=\"\/post\/as-mulheres-que-quebraram-o-tabu-e-se-destacam-no-cenario-do-agronegocio-em-ms\" class=\"btn-link title_box_2_lines\">As mulheres que quebraram o tabu e se destacam no cen\u00e1rio do Agroneg\u00f3cio em MS<\/a><\/h3>\n                <\/div>\n            <\/div>\n        <\/div>\n    <\/div>\n    <!-- Post Item End -->\n<\/li>\n<li>\n    <!-- Post Item Start -->\n    <div class=\"post--item post--layout-3\">\n        <div class=\"post--img\">\n            <a href=\"\/post\/campo-grande-hortas-urbanas-virou-negocio-para-quem-saiu-do-campo-mas-ama-trabalhar-com-a-terra\" class=\"thumb\">\n                <img class=\"lazy\" data-src=\"\/cache\/img\/noticias\/horta.urbana-100x70.jpeg\" alt=\"\" src=\"data:image\/gif;base64,R0lGODlhAQABAAAAACH5BAEKAAEALAAAAAABAAEAAAICTAEAOw==\"><\/a>\n\n            <div class=\"post--info\">\n                <ul class=\"nav meta\">\n                   <!-- <li><a href=\"#\"><\/a><\/li> -->\n                    <li><a href=\"#\">26\/01\/2024<\/a><\/li>\n                <\/ul>\n\n                <div class=\"title\">\n                    <h3 class=\"h4\"><a href=\"\/post\/campo-grande-hortas-urbanas-virou-negocio-para-quem-saiu-do-campo-mas-ama-trabalhar-com-a-terra\" class=\"btn-link title_box_2_lines\">Campo Grande: Hortas urbanas virou neg\u00f3cio para quem saiu do campo, mas ama trabalhar com a terra<\/a><\/h3>\n                <\/div>\n            <\/div>\n        <\/div>\n    <\/div>\n    <!-- Post Item End -->\n<\/li>\n","prev_page_url":"\/authors_posts?page=153","next_page_url":"\/authors_posts?page=155"}