{"data":"<li>\n    <!-- Post Item Start -->\n    <div class=\"post--item post--layout-3\">\n        <div class=\"post--img\">\n            <a href=\"\/post\/doacao-de-mudas-marca-celebracao-do-dia-da-arvore\" class=\"thumb\">\n                <img class=\"lazy\" data-src=\"\/cache\/img\/noticias\/Mudas-de-arvores-100x70.png\" alt=\"\" src=\"data:image\/gif;base64,R0lGODlhAQABAAAAACH5BAEKAAEALAAAAAABAAEAAAICTAEAOw==\"><\/a>\n\n            <div class=\"post--info\">\n                <ul class=\"nav meta\">\n                   <!-- <li><a href=\"#\"><\/a><\/li> -->\n                    <li><a href=\"#\">20\/09\/2023<\/a><\/li>\n                <\/ul>\n\n                <div class=\"title\">\n                    <h3 class=\"h4\"><a href=\"\/post\/doacao-de-mudas-marca-celebracao-do-dia-da-arvore\" class=\"btn-link title_box_2_lines\">Doa\u00e7\u00e3o de mudas marca celebra\u00e7\u00e3o do Dia da \u00c1rvore<\/a><\/h3>\n                <\/div>\n            <\/div>\n        <\/div>\n    <\/div>\n    <!-- Post Item End -->\n<\/li>\n<li>\n    <!-- Post Item Start -->\n    <div class=\"post--item post--layout-3\">\n        <div class=\"post--img\">\n            <a href=\"\/post\/cna-e-apex-brasil-promovem-seminario-de-capacitacao-em-vendas-para-uniao-europeia\" class=\"thumb\">\n                <img class=\"lazy\" data-src=\"\/cache\/img\/noticias\/apex-100x70.jpg\" alt=\"\" src=\"data:image\/gif;base64,R0lGODlhAQABAAAAACH5BAEKAAEALAAAAAABAAEAAAICTAEAOw==\"><\/a>\n\n            <div class=\"post--info\">\n                <ul class=\"nav meta\">\n                   <!-- <li><a href=\"#\"><\/a><\/li> -->\n                    <li><a href=\"#\">28\/01\/2021<\/a><\/li>\n                <\/ul>\n\n                <div class=\"title\">\n                    <h3 class=\"h4\"><a href=\"\/post\/cna-e-apex-brasil-promovem-seminario-de-capacitacao-em-vendas-para-uniao-europeia\" class=\"btn-link title_box_2_lines\">CNA e Apex-Brasil promovem semin\u00e1rio de capacita\u00e7\u00e3o em vendas para Uni\u00e3o Europeia<\/a><\/h3>\n                <\/div>\n            <\/div>\n        <\/div>\n    <\/div>\n    <!-- Post Item End -->\n<\/li>\n<li>\n    <!-- Post Item Start -->\n    <div class=\"post--item post--layout-3\">\n        <div class=\"post--img\">\n            <a href=\"\/post\/sicredi-e-a-4-melhor-empresa-para-trabalhar-no-brasil\" class=\"thumb\">\n                <img class=\"lazy\" data-src=\"\/cache\/img\/noticias\/Sicredi.fachada.uniao-100x70.png\" alt=\"\" src=\"data:image\/gif;base64,R0lGODlhAQABAAAAACH5BAEKAAEALAAAAAABAAEAAAICTAEAOw==\"><\/a>\n\n            <div class=\"post--info\">\n                <ul class=\"nav meta\">\n                   <!-- <li><a href=\"#\"><\/a><\/li> -->\n                    <li><a href=\"#\">24\/10\/2023<\/a><\/li>\n                <\/ul>\n\n                <div class=\"title\">\n                    <h3 class=\"h4\"><a href=\"\/post\/sicredi-e-a-4-melhor-empresa-para-trabalhar-no-brasil\" class=\"btn-link title_box_2_lines\">Sicredi \u00e9 a 4\u00aa melhor empresa para trabalhar no Brasil<\/a><\/h3>\n                <\/div>\n            <\/div>\n        <\/div>\n    <\/div>\n    <!-- Post Item End -->\n<\/li>\n<li>\n    <!-- Post Item Start -->\n    <div class=\"post--item post--layout-3\">\n        <div class=\"post--img\">\n            <a href=\"\/post\/produtores-familiares-recebem-esclarecimentos-sobre-regularizacao-de-lotes-em-tres-lagoas\" class=\"thumb\">\n                <img class=\"lazy\" data-src=\"\/cache\/img\/noticias\/2019\/01\/2269-produtores-familiares-recebem-esclarecimentos-sobre-regularizacao-de-lotes-em-tres-lagoas-100x70.jpg\" alt=\"\" src=\"data:image\/gif;base64,R0lGODlhAQABAAAAACH5BAEKAAEALAAAAAABAAEAAAICTAEAOw==\"><\/a>\n\n            <div class=\"post--info\">\n                <ul class=\"nav meta\">\n                   <!-- <li><a href=\"#\"><\/a><\/li> -->\n                    <li><a href=\"#\">28\/08\/2017<\/a><\/li>\n                <\/ul>\n\n                <div class=\"title\">\n                    <h3 class=\"h4\"><a href=\"\/post\/produtores-familiares-recebem-esclarecimentos-sobre-regularizacao-de-lotes-em-tres-lagoas\" class=\"btn-link title_box_2_lines\">Produtores familiares recebem esclarecimentos sobre regulariza\u00e7\u00e3o de lotes em Tr\u00eas Lagoas<\/a><\/h3>\n                <\/div>\n            <\/div>\n        <\/div>\n    <\/div>\n    <!-- Post Item End -->\n<\/li>\n","prev_page_url":"\/authors_posts?page=147","next_page_url":"\/authors_posts?page=149"}