{"data":"<li>\n    <!-- Post Item Start -->\n    <div class=\"post--item post--layout-3\">\n        <div class=\"post--img\">\n            <a href=\"\/post\/polemica-estudo-analisa-captacao-de-agua-subterranea-em-bonito\" class=\"thumb\">\n                <img class=\"lazy\" data-src=\"\" alt=\"\" src=\"data:image\/gif;base64,R0lGODlhAQABAAAAACH5BAEKAAEALAAAAAABAAEAAAICTAEAOw==\"><\/a>\n\n            <div class=\"post--info\">\n                <ul class=\"nav meta\">\n                   <!-- <li><a href=\"#\"><\/a><\/li> -->\n                    <li><a href=\"#\">17\/05\/2018<\/a><\/li>\n                <\/ul>\n\n                <div class=\"title\">\n                    <h3 class=\"h4\"><a href=\"\/post\/polemica-estudo-analisa-captacao-de-agua-subterranea-em-bonito\" class=\"btn-link title_box_2_lines\">Pol\u00eamica: Estudo analisa capta\u00e7\u00e3o de \u00e1gua subterr\u00e2nea em Bonito<\/a><\/h3>\n                <\/div>\n            <\/div>\n        <\/div>\n    <\/div>\n    <!-- Post Item End -->\n<\/li>\n<li>\n    <!-- Post Item Start -->\n    <div class=\"post--item post--layout-3\">\n        <div class=\"post--img\">\n            <a href=\"\/post\/sudeco-fco-aprova-cerca-de-r-148-milhoes-em-recursos-para-o-setor-rural-e-empresarial\" class=\"thumb\">\n                <img class=\"lazy\" data-src=\"\/cache\/img\/noticias\/sudeco.br-100x70.jpg\" alt=\"\" src=\"data:image\/gif;base64,R0lGODlhAQABAAAAACH5BAEKAAEALAAAAAABAAEAAAICTAEAOw==\"><\/a>\n\n            <div class=\"post--info\">\n                <ul class=\"nav meta\">\n                   <!-- <li><a href=\"#\"><\/a><\/li> -->\n                    <li><a href=\"#\">16\/04\/2024<\/a><\/li>\n                <\/ul>\n\n                <div class=\"title\">\n                    <h3 class=\"h4\"><a href=\"\/post\/sudeco-fco-aprova-cerca-de-r-148-milhoes-em-recursos-para-o-setor-rural-e-empresarial\" class=\"btn-link title_box_2_lines\">Sudeco: FCO aprova cerca de R$ 148 milh\u00f5es em recursos para o setor rural e empresarial<\/a><\/h3>\n                <\/div>\n            <\/div>\n        <\/div>\n    <\/div>\n    <!-- Post Item End -->\n<\/li>\n<li>\n    <!-- Post Item Start -->\n    <div class=\"post--item post--layout-3\">\n        <div class=\"post--img\">\n            <a href=\"\/post\/mapa-comemora-abertura-de-246-novos-mercados\" class=\"thumb\">\n                <img class=\"lazy\" data-src=\"\/cache\/img\/noticias\/exp.ms-100x70.jpg\" alt=\"\" src=\"data:image\/gif;base64,R0lGODlhAQABAAAAACH5BAEKAAEALAAAAAABAAEAAAICTAEAOw==\"><\/a>\n\n            <div class=\"post--info\">\n                <ul class=\"nav meta\">\n                   <!-- <li><a href=\"#\"><\/a><\/li> -->\n                    <li><a href=\"#\">09\/10\/2024<\/a><\/li>\n                <\/ul>\n\n                <div class=\"title\">\n                    <h3 class=\"h4\"><a href=\"\/post\/mapa-comemora-abertura-de-246-novos-mercados\" class=\"btn-link title_box_2_lines\">Mapa comemora abertura de 246 novos mercados<\/a><\/h3>\n                <\/div>\n            <\/div>\n        <\/div>\n    <\/div>\n    <!-- Post Item End -->\n<\/li>\n<li>\n    <!-- Post Item Start -->\n    <div class=\"post--item post--layout-3\">\n        <div class=\"post--img\">\n            <a href=\"\/post\/senado-aprova-regularizacao-de-assentamentos-em-terras-da-uniao-anteriores-a-2008\" class=\"thumb\">\n                <img class=\"lazy\" data-src=\"\/cache\/img\/noticias\/agric. assentamento-100x70.jpg\" alt=\"\" src=\"data:image\/gif;base64,R0lGODlhAQABAAAAACH5BAEKAAEALAAAAAABAAEAAAICTAEAOw==\"><\/a>\n\n            <div class=\"post--info\">\n                <ul class=\"nav meta\">\n                   <!-- <li><a href=\"#\"><\/a><\/li> -->\n                    <li><a href=\"#\">16\/04\/2021<\/a><\/li>\n                <\/ul>\n\n                <div class=\"title\">\n                    <h3 class=\"h4\"><a href=\"\/post\/senado-aprova-regularizacao-de-assentamentos-em-terras-da-uniao-anteriores-a-2008\" class=\"btn-link title_box_2_lines\">Senado aprova regulariza\u00e7\u00e3o de assentamentos em terras da Uni\u00e3o anteriores a 2008<\/a><\/h3>\n                <\/div>\n            <\/div>\n        <\/div>\n    <\/div>\n    <!-- Post Item End -->\n<\/li>\n","prev_page_url":"\/authors_posts?page=131","next_page_url":"\/authors_posts?page=133"}