{"data":"<li>\n    <!-- Post Item Start -->\n    <div class=\"post--item post--layout-3\">\n        <div class=\"post--img\">\n            <a href=\"\/post\/precos-na-arroba-do-boi-gordo-seguem-com-estabilidades\" class=\"thumb\">\n                <img class=\"lazy\" data-src=\"\/cache\/img\/noticias\/gado.precoce-100x70.jpeg\" alt=\"\" src=\"data:image\/gif;base64,R0lGODlhAQABAAAAACH5BAEKAAEALAAAAAABAAEAAAICTAEAOw==\"><\/a>\n\n            <div class=\"post--info\">\n                <ul class=\"nav meta\">\n                   <!-- <li><a href=\"#\"><\/a><\/li> -->\n                    <li><a href=\"#\">14\/02\/2024<\/a><\/li>\n                <\/ul>\n\n                <div class=\"title\">\n                    <h3 class=\"h4\"><a href=\"\/post\/precos-na-arroba-do-boi-gordo-seguem-com-estabilidades\" class=\"btn-link title_box_2_lines\">Pre\u00e7os na arroba do boi gordo seguem com estabilidades <\/a><\/h3>\n                <\/div>\n            <\/div>\n        <\/div>\n    <\/div>\n    <!-- Post Item End -->\n<\/li>\n<li>\n    <!-- Post Item Start -->\n    <div class=\"post--item post--layout-3\">\n        <div class=\"post--img\">\n            <a href=\"\/post\/gabriel-boccia-agradece-investimentos-do-governo-anunciados-por-riedel-durante-abertura-da-expobel-2025\" class=\"thumb\">\n                <img class=\"lazy\" data-src=\"\/cache\/img\/noticias\/riedel.gabriel-100x70.jpeg\" alt=\"\" src=\"data:image\/gif;base64,R0lGODlhAQABAAAAACH5BAEKAAEALAAAAAABAAEAAAICTAEAOw==\"><\/a>\n\n            <div class=\"post--info\">\n                <ul class=\"nav meta\">\n                   <!-- <li><a href=\"#\"><\/a><\/li> -->\n                    <li><a href=\"#\">18\/07\/2025<\/a><\/li>\n                <\/ul>\n\n                <div class=\"title\">\n                    <h3 class=\"h4\"><a href=\"\/post\/gabriel-boccia-agradece-investimentos-do-governo-anunciados-por-riedel-durante-abertura-da-expobel-2025\" class=\"btn-link title_box_2_lines\">Gabriel Boccia agradece investimentos do Governo anunciados por Riedel durante abertura da Expobel 2025 <\/a><\/h3>\n                <\/div>\n            <\/div>\n        <\/div>\n    <\/div>\n    <!-- Post Item End -->\n<\/li>\n<li>\n    <!-- Post Item Start -->\n    <div class=\"post--item post--layout-3\">\n        <div class=\"post--img\">\n            <a href=\"\/post\/servidores-retomam-jornada-de-8-horas-de-trabalho-em-diversas-reparticoes-publicas-estaduais\" class=\"thumb\">\n                <img class=\"lazy\" data-src=\"\/cache\/img\/noticias\/2019\/07\/governadoria-100x70.jpg\" alt=\"\" src=\"data:image\/gif;base64,R0lGODlhAQABAAAAACH5BAEKAAEALAAAAAABAAEAAAICTAEAOw==\"><\/a>\n\n            <div class=\"post--info\">\n                <ul class=\"nav meta\">\n                   <!-- <li><a href=\"#\"><\/a><\/li> -->\n                    <li><a href=\"#\">01\/07\/2019<\/a><\/li>\n                <\/ul>\n\n                <div class=\"title\">\n                    <h3 class=\"h4\"><a href=\"\/post\/servidores-retomam-jornada-de-8-horas-de-trabalho-em-diversas-reparticoes-publicas-estaduais\" class=\"btn-link title_box_2_lines\">Servidores retomam jornada de 8 horas de trabalho em diversas reparti\u00e7\u00f5es p\u00fablicas estaduais<\/a><\/h3>\n                <\/div>\n            <\/div>\n        <\/div>\n    <\/div>\n    <!-- Post Item End -->\n<\/li>\n<li>\n    <!-- Post Item Start -->\n    <div class=\"post--item post--layout-3\">\n        <div class=\"post--img\">\n            <a href=\"\/post\/apos-3-dias-forca-tarefa-consegue-desobstruir-rio-e-lanchas-ja-retornam-para-corumba\" class=\"thumb\">\n                <img class=\"lazy\" data-src=\"\/cache\/img\/noticias\/2019\/02\/barcos-rio-paraguai-100x70.jpg\" alt=\"\" src=\"data:image\/gif;base64,R0lGODlhAQABAAAAACH5BAEKAAEALAAAAAABAAEAAAICTAEAOw==\"><\/a>\n\n            <div class=\"post--info\">\n                <ul class=\"nav meta\">\n                   <!-- <li><a href=\"#\"><\/a><\/li> -->\n                    <li><a href=\"#\">11\/02\/2019<\/a><\/li>\n                <\/ul>\n\n                <div class=\"title\">\n                    <h3 class=\"h4\"><a href=\"\/post\/apos-3-dias-forca-tarefa-consegue-desobstruir-rio-e-lanchas-ja-retornam-para-corumba\" class=\"btn-link title_box_2_lines\">Ap\u00f3s 3 dias for\u00e7a-tarefa consegue desobstruir rio e lanchas j\u00e1 retornam para Corumb\u00e1<\/a><\/h3>\n                <\/div>\n            <\/div>\n        <\/div>\n    <\/div>\n    <!-- Post Item End -->\n<\/li>\n","prev_page_url":"\/authors_posts?page=1085","next_page_url":"\/authors_posts?page=1087"}